{"id":15076,"date":"2025-09-26T20:47:40","date_gmt":"2025-09-26T20:47:40","guid":{"rendered":"https:\/\/thomasandgabi.com\/?p=15076"},"modified":"2025-09-26T20:47:40","modified_gmt":"2025-09-26T20:47:40","slug":"grand-tour-of-switzerland-september-2025","status":"publish","type":"post","link":"https:\/\/thomasandgabi.com\/de\/switzerland-2025\/grand-tour-of-switzerland-september-2025\/","title":{"rendered":"Grand Tour of Switzerland \u2013 September 2025"},"content":{"rendered":"<p>Wir sind vom 16. bis 24. September 2025 die \u00abGrand Tour of Switzerland\u00bb gefahren. Das haben wir dabei gemacht:<\/p>\n<ul>\n<li><a title=\"Prolog: Auf zur Grand Tour of Switzerland!\" href=\"https:\/\/thomasandgabi.com\/de\/switzerland-2025\/prologue-off-to-the-grand-tour-of-switzerland\/\">Prolog: Auf zur Grand Tour of Switzerland!<\/a><\/li>\n<li><a title=\"Dienstag, 16. September 2025: Von Bern nach K\u00fcssnacht\" href=\"https:\/\/thomasandgabi.com\/de\/switzerland-2025\/tuesday-16-september-2025-emmental-entlebuch-aargau\/\">Dienstag, 16. September 2025: Von Bern nach K\u00fcssnacht<\/a><\/li>\n<li><a title=\"Mittwoch, 17. September 2025: Von K\u00fcssnacht nach Z\u00fcrich\" href=\"https:\/\/thomasandgabi.com\/de\/switzerland-2025\/wednesday-17-september-2025-central-switzerland-and-zurich-area\/\">Mittwoch, 17. September 2025: Von K\u00fcssnacht nach Z\u00fcrich<\/a><\/li>\n<li><a title=\"Donnerstag, 18. September 2025: Von Z\u00fcrich nach St. Gallen\" href=\"https:\/\/thomasandgabi.com\/de\/switzerland-2025\/thursday-18-september-2025-rhine-falls-stein-st-gallen\/\">Donnerstag, 18. September 2025: Von Z\u00fcrich nach St. Gallen<\/a><\/li>\n<li><a title=\"Freitag, 19. September 2025: Von St. Gallen nach St. Moritz\" href=\"https:\/\/thomasandgabi.com\/de\/switzerland-2025\/friday-19-september-2025-from-st-gallen-to-st-moritz\/\">Freitag, 19. September 2025: Von St. Gallen nach St. Moritz<\/a><\/li>\n<li><a title=\"Samstag, 20. September 2025: Von St. Moritz nach Bellinzona\" href=\"https:\/\/thomasandgabi.com\/de\/switzerland-2025\/saturday-20-september-2025-from-st-moritz-to-bellinzona\/\">Samstag, 20. September 2025: Von St. Moritz nach Bellinzona<\/a><\/li>\n<li><a title=\"Sonntag, 21. September 2025: Ascona und Verzasca-Tal\" href=\"https:\/\/thomasandgabi.com\/de\/switzerland-2025\/sunday-21-september-2025-ascona-and-verzasca-valley\/\">Sonntag, 21. September 2025: Ascona und Verzasca-Tal<\/a><\/li>\n<li><a title=\"Montag, 22. September 2025: Von Bellinzona nach Zermatt\" href=\"https:\/\/thomasandgabi.com\/de\/switzerland-2025\/monday-22-september-2025-from-bellinzona-to-zermatt\/\">Montag, 22. September 2025: Von Bellinzona nach Zermatt<\/a><\/li>\n<li><a title=\"Dienstag, 23. September 2025: Von Zermatt nach Vevey\" href=\"https:\/\/thomasandgabi.com\/de\/switzerland-2025\/tuesday-23-september-2025-from-zermatt-to-vevey\/\">Dienstag, 23. September 2025: Von Zermatt nach Vevey<\/a><\/li>\n<li><a title=\"Mittwoch, 24. September 2025: Von Vevey zur\u00fcck nach Bern\" href=\"https:\/\/thomasandgabi.com\/de\/switzerland-2025\/wednesday-24-september-2025-from-vevey-to-bern\/\">Mittwoch, 24. September 2025: Von Vevey zur\u00fcck nach Bern<\/a><\/li>\n<\/ul>\n<p><img loading=\"lazy\" decoding=\"async\" class=\"alignnone size-full wp-image-15077\" src=\"https:\/\/thomasandgabi.com\/wp-content\/uploads\/2025\/09\/grand-tour-reiseblog-collage-sm.jpeg\" alt=\"\" width=\"1280\" height=\"720\" srcset=\"https:\/\/thomasandgabi.com\/wp-content\/uploads\/2025\/09\/grand-tour-reiseblog-collage-sm.jpeg 1280w, https:\/\/thomasandgabi.com\/wp-content\/uploads\/2025\/09\/grand-tour-reiseblog-collage-sm-300x169.jpeg 300w, https:\/\/thomasandgabi.com\/wp-content\/uploads\/2025\/09\/grand-tour-reiseblog-collage-sm-1024x576.jpeg 1024w, https:\/\/thomasandgabi.com\/wp-content\/uploads\/2025\/09\/grand-tour-reiseblog-collage-sm-768x432.jpeg 768w\" sizes=\"auto, (max-width: 1280px) 100vw, 1280px\" \/><\/p>\n","protected":false},"excerpt":{"rendered":"<p>Wir sind vom 16. bis 24. September 2025 die \u00abGrand Tour of Switzerland\u00bb gefahren. Das haben wir dabei gemacht: Prolog: Auf zur Grand Tour of Switzerland! Dienstag, 16. September 2025: Von Bern nach K\u00fcssnacht Mittwoch, 17. September 2025: Von K\u00fcssnacht nach Z\u00fcrich Donnerstag, 18. September 2025: Von Z\u00fcrich nach St. Gallen Freitag, 19. September 2025: Von St. Gallen nach St. Moritz Samstag, 20. September 2025: <a class=\"read-more\" href=\"https:\/\/thomasandgabi.com\/de\/switzerland-2025\/grand-tour-of-switzerland-september-2025\/\">[Weiterlesen]<\/a><\/p>\n","protected":false},"author":1,"featured_media":15077,"comment_status":"open","ping_status":"open","sticky":false,"template":"","format":"standard","meta":{"_jetpack_memberships_contains_paid_content":false,"footnotes":""},"categories":[34],"tags":[],"class_list":["post-15076","post","type-post","status-publish","format-standard","has-post-thumbnail","hentry","category-switzerland-2025"],"translation":{"provider":"WPGlobus","version":"3.0.2","language":"de","enabled_languages":["en","de"],"languages":{"en":{"title":true,"content":true,"excerpt":false},"de":{"title":true,"content":true,"excerpt":false}}},"jetpack_featured_media_url":"https:\/\/thomasandgabi.com\/wp-content\/uploads\/2025\/09\/grand-tour-reiseblog-collage-sm.jpeg","jetpack_sharing_enabled":true,"_links":{"self":[{"href":"https:\/\/thomasandgabi.com\/de\/wp-json\/wp\/v2\/posts\/15076","targetHints":{"allow":["GET"]}}],"collection":[{"href":"https:\/\/thomasandgabi.com\/de\/wp-json\/wp\/v2\/posts"}],"about":[{"href":"https:\/\/thomasandgabi.com\/de\/wp-json\/wp\/v2\/types\/post"}],"author":[{"embeddable":true,"href":"https:\/\/thomasandgabi.com\/de\/wp-json\/wp\/v2\/users\/1"}],"replies":[{"embeddable":true,"href":"https:\/\/thomasandgabi.com\/de\/wp-json\/wp\/v2\/comments?post=15076"}],"version-history":[{"count":6,"href":"https:\/\/thomasandgabi.com\/de\/wp-json\/wp\/v2\/posts\/15076\/revisions"}],"predecessor-version":[{"id":15084,"href":"https:\/\/thomasandgabi.com\/de\/wp-json\/wp\/v2\/posts\/15076\/revisions\/15084"}],"wp:featuredmedia":[{"embeddable":true,"href":"https:\/\/thomasandgabi.com\/de\/wp-json\/wp\/v2\/media\/15077"}],"wp:attachment":[{"href":"https:\/\/thomasandgabi.com\/de\/wp-json\/wp\/v2\/media?parent=15076"}],"wp:term":[{"taxonomy":"category","embeddable":true,"href":"https:\/\/thomasandgabi.com\/de\/wp-json\/wp\/v2\/categories?post=15076"},{"taxonomy":"post_tag","embeddable":true,"href":"https:\/\/thomasandgabi.com\/de\/wp-json\/wp\/v2\/tags?post=15076"}],"curies":[{"name":"wp","href":"https:\/\/api.w.org\/{rel}","templated":true}]}}